{"id":396,"date":"2025-03-20T10:10:00","date_gmt":"2025-03-20T09:10:00","guid":{"rendered":"http:\/\/www.haut-pays.be\/wordpress\/?p=396"},"modified":"2025-03-20T13:32:11","modified_gmt":"2025-03-20T12:32:11","slug":"une-marche-du-dimanche-pour-lancer-la-saison","status":"publish","type":"post","link":"http:\/\/www.haut-pays.be\/wordpress\/une-marche-du-dimanche-pour-lancer-la-saison\/","title":{"rendered":"Le \u00ab\u00a0Printemps du Syndicat d&rsquo;Initiative\u00a0\u00bb en marchant"},"content":{"rendered":"\n<p>La saison 2025 du Royal Syndicat d&rsquo;Initiative sera lanc\u00e9e le 23 mars dans le cadre d&rsquo;une promenade sur les traces du po\u00e8te Emile Verhaeren et&#8230; du chemin de fer du Haut-Pays. La ligne 98 A faisait jadis la jonction entre la gare de Dour et la gare de Roisin-Autreppe. Et le c\u00e9l\u00e8bre po\u00e8te prenait le train au point d&rsquo;arr\u00eat d&rsquo;Angreau pour se rendre \u00e0 Bruxelles, \u00e0 Paris&#8230; Une exposition, pr\u00e9sent\u00e9e dans les locaux du Syndicat, sera propos\u00e9e sur le th\u00e8me du jour! Le projet est mis sur pied en collaboration avec le groupe des marcheurs du dimanche (<a href=\"http:\/\/www.marchedudimanche.be\/\">http:\/\/www.marchedudimanche.be\/<\/a>).<\/p>\n\n\n\n<h4 class=\"wp-block-heading\">En pratique<\/h4>\n\n\n\n<ul class=\"wp-block-list\">\n<li><strong>D\u00e9part:<\/strong> Local du Syndicat d&rsquo;Initiative, Place de Roisin, 9h30.<\/li>\n\n\n\n<li><strong>Distance<\/strong>: une boucle de 5,2 km, un boucle de8,2 km (au choix)<\/li>\n\n\n\n<li><strong>Parcours<\/strong>: praticable, notamment via le Ravel 98 A <em>(\u00e9quipement de marche conseill\u00e9)<\/em>.<\/li>\n\n\n\n<li><strong>Regardez l&rsquo;itin\u00e9raire<\/strong> de @Wikiloc (5,2 km)! <a href=\"https:\/\/fr.wikiloc.com\/itineraires-randonnee\/rsihp-boucles-du-printemps-2025-b2-201553440?utm_medium=app&amp;utm_campaign=share&amp;utm_source=13923821\">https:\/\/fr.wikiloc.com\/itineraires-randonnee\/rsihp-boucles-du-printemps-2025-b2-201553440?utm_medium=app&amp;utm_campaign=share&amp;utm_source=13923821<\/a> (<\/li>\n\n\n\n<li><strong>Regardez l&rsquo;itin\u00e9raire<\/strong> de @Wikiloc (8,2 km)! <a href=\"https:\/\/fr.wikiloc.com\/itineraires-randonnee\/rsihp-boucles-du-printemps-2025-b1-201442997?utm_medium=app&amp;utm_campaign=share&amp;utm_source=13923821\">https:\/\/fr.wikiloc.com\/itineraires-randonnee\/rsihp-boucles-du-printemps-2025-b1-201442997?utm_medium=app&amp;utm_campaign=share&amp;utm_source=13923821<\/a><br><\/li>\n\n\n\n<li>Mais aussi&#8230; Exposition sur l&rsquo;histoire de la Ligne 98 A <\/li>\n\n\n\n<li>Mais encore&#8230; Bar et petite restauration<\/li>\n\n\n\n<li><strong><a href=\"http:\/\/www.haut-pays.be\/wordpress\/contactez-nous\/\">O\u00f9 nous trouver<\/a><\/strong> <\/li>\n<\/ul>\n\n\n\n<figure class=\"wp-block-gallery has-nested-images columns-default is-cropped wp-block-gallery-1 is-layout-flex wp-block-gallery-is-layout-flex\">\n<figure class=\"wp-block-image size-large\"><img fetchpriority=\"high\" decoding=\"async\" width=\"400\" height=\"400\" data-id=\"1236\" src=\"http:\/\/www.haut-pays.be\/wordpress\/wp-content\/uploads\/2025\/02\/wikiloc-2.jpg\" alt=\"\" class=\"wp-image-1236\" srcset=\"http:\/\/www.haut-pays.be\/wordpress\/wp-content\/uploads\/2025\/02\/wikiloc-2.jpg 400w, http:\/\/www.haut-pays.be\/wordpress\/wp-content\/uploads\/2025\/02\/wikiloc-2-300x300.jpg 300w, http:\/\/www.haut-pays.be\/wordpress\/wp-content\/uploads\/2025\/02\/wikiloc-2-150x150.jpg 150w, http:\/\/www.haut-pays.be\/wordpress\/wp-content\/uploads\/2025\/02\/wikiloc-2-1x1.jpg 1w\" sizes=\"(max-width: 400px) 100vw, 400px\" \/><\/figure>\n\n\n\n<figure class=\"wp-block-image size-large\"><img decoding=\"async\" width=\"400\" height=\"400\" data-id=\"1235\" src=\"http:\/\/www.haut-pays.be\/wordpress\/wp-content\/uploads\/2025\/02\/wikiloc-1.jpg\" alt=\"\" class=\"wp-image-1235\" srcset=\"http:\/\/www.haut-pays.be\/wordpress\/wp-content\/uploads\/2025\/02\/wikiloc-1.jpg 400w, http:\/\/www.haut-pays.be\/wordpress\/wp-content\/uploads\/2025\/02\/wikiloc-1-300x300.jpg 300w, http:\/\/www.haut-pays.be\/wordpress\/wp-content\/uploads\/2025\/02\/wikiloc-1-150x150.jpg 150w, http:\/\/www.haut-pays.be\/wordpress\/wp-content\/uploads\/2025\/02\/wikiloc-1-1x1.jpg 1w\" sizes=\"(max-width: 400px) 100vw, 400px\" \/><\/figure>\n<\/figure>\n\n\n\n<figure class=\"wp-block-image size-full is-resized\"><a href=\"http:\/\/www.haut-pays.be\/wordpress\/wp-content\/uploads\/2025\/02\/promenade-printaniere-2025-2.png\"><img decoding=\"async\" width=\"400\" height=\"280\" src=\"http:\/\/www.haut-pays.be\/wordpress\/wp-content\/uploads\/2025\/02\/promenade-printaniere-2025-2.png\" alt=\"\" class=\"wp-image-1233\" style=\"width:557px;height:auto\" srcset=\"http:\/\/www.haut-pays.be\/wordpress\/wp-content\/uploads\/2025\/02\/promenade-printaniere-2025-2.png 400w, http:\/\/www.haut-pays.be\/wordpress\/wp-content\/uploads\/2025\/02\/promenade-printaniere-2025-2-300x210.png 300w, http:\/\/www.haut-pays.be\/wordpress\/wp-content\/uploads\/2025\/02\/promenade-printaniere-2025-2-1x1.png 1w\" sizes=\"(max-width: 400px) 100vw, 400px\" \/><\/a><\/figure>\n","protected":false},"excerpt":{"rendered":"<p>La saison 2025 du Royal Syndicat d&rsquo;Initiative sera lanc\u00e9e le 23 mars dans le cadre d&rsquo;une promenade sur les traces du po\u00e8te Emile Verhaeren et&#8230; du chemin de fer du Haut-Pays. La ligne 98 A faisait jadis la jonction entre la gare de Dour et la gare de Roisin-Autreppe. Et le c\u00e9l\u00e8bre po\u00e8te prenait le [&hellip;]<\/p>\n","protected":false},"author":1,"featured_media":1071,"comment_status":"closed","ping_status":"open","sticky":false,"template":"","format":"standard","meta":{"footnotes":""},"categories":[9],"tags":[],"class_list":["post-396","post","type-post","status-publish","format-standard","has-post-thumbnail","hentry","category-actualites"],"_links":{"self":[{"href":"http:\/\/www.haut-pays.be\/wordpress\/wp-json\/wp\/v2\/posts\/396","targetHints":{"allow":["GET"]}}],"collection":[{"href":"http:\/\/www.haut-pays.be\/wordpress\/wp-json\/wp\/v2\/posts"}],"about":[{"href":"http:\/\/www.haut-pays.be\/wordpress\/wp-json\/wp\/v2\/types\/post"}],"author":[{"embeddable":true,"href":"http:\/\/www.haut-pays.be\/wordpress\/wp-json\/wp\/v2\/users\/1"}],"replies":[{"embeddable":true,"href":"http:\/\/www.haut-pays.be\/wordpress\/wp-json\/wp\/v2\/comments?post=396"}],"version-history":[{"count":8,"href":"http:\/\/www.haut-pays.be\/wordpress\/wp-json\/wp\/v2\/posts\/396\/revisions"}],"predecessor-version":[{"id":1241,"href":"http:\/\/www.haut-pays.be\/wordpress\/wp-json\/wp\/v2\/posts\/396\/revisions\/1241"}],"wp:featuredmedia":[{"embeddable":true,"href":"http:\/\/www.haut-pays.be\/wordpress\/wp-json\/wp\/v2\/media\/1071"}],"wp:attachment":[{"href":"http:\/\/www.haut-pays.be\/wordpress\/wp-json\/wp\/v2\/media?parent=396"}],"wp:term":[{"taxonomy":"category","embeddable":true,"href":"http:\/\/www.haut-pays.be\/wordpress\/wp-json\/wp\/v2\/categories?post=396"},{"taxonomy":"post_tag","embeddable":true,"href":"http:\/\/www.haut-pays.be\/wordpress\/wp-json\/wp\/v2\/tags?post=396"}],"curies":[{"name":"wp","href":"https:\/\/api.w.org\/{rel}","templated":true}]}}