{"id":378,"date":"2025-02-15T14:30:29","date_gmt":"2025-02-15T13:30:29","guid":{"rendered":"http:\/\/www.haut-pays.be\/wordpress\/?p=378"},"modified":"2025-02-16T18:50:31","modified_gmt":"2025-02-16T17:50:31","slug":"lename-samyn-classic-le-4-mars","status":"publish","type":"post","link":"http:\/\/www.haut-pays.be\/wordpress\/lename-samyn-classic-le-4-mars\/","title":{"rendered":"L\u2019Ename Samyn Classic le 4 mars!"},"content":{"rendered":"\n<p><\/p>\n\n\n\n<p><strong>Rendez-vous le 4 mars 2025 entre Quaregnon et Dour pour la grande ouverture du calendrier cycliste professionnel en Wallonie avec le Lotto Samyn des Dames (1.1) et l\u2019Ename Samyn Classic (1.1)!<\/strong><\/p>\n\n\n\n<p>D\u00e9but des ann\u00e9es soixante. Dans toutes les r\u00e9gions, dans tous les villages, les coureurs cyclistes sont des champions. L\u00e0-bas, dans le \u00ab Haut-Pays, \u00bb les h\u00e9ros locaux, presque tous de l\u2019Alliance Cycliste Montoise, s\u2019appellent Baudour, Baurain, Bulfone, Campagnolo, Crapez, Delhaye, Zopf, \u2026 Tous sont s\u00e9duits par un jeune coureur fran\u00e7ais de Qui\u00e9vrain, Jos\u00e9 Samyn. Le \u00ab gamin \u00bb donne le ton aux sorties d\u2019entra\u00eenement. Il prend du coffre, il gagne, il devient professionnel en 1967. Il disputera trois fois le Tour de France. Le destin le poussera au Criterium de Zingem o\u00f9 il chutera lourdement. Jos\u00e9 Samyn est d\u00e9c\u00e9d\u00e9 des suites de ses blessures le 30 ao\u00fbt 1969, \u00e0 l\u2019\u00e2ge de 23 ans.<\/p>\n\n\n\n<p>Depuis le drame, la grande famille du v\u00e9lo se souvient et c\u00e9l\u00e8bre la m\u00e9moire de Jos\u00e9 Samyn chaque ann\u00e9e au d\u00e9but du printemps. La course qui lui rend hommage est devenue incontournable dans le programme international. Elle ouvre le calendrier professionnel en Wallonie, deux jours apr\u00e8s l\u2019ouverture en Flandre avec le Omloop Het Nieuwsblad et Kuurne-Brussel-Kuurne.<br>La course, n\u00e9e et traditionnellement organis\u00e9e \u00e0 Fayt-Le-Franc, a \u00e9volu\u00e9 vers Frameries et Quaregnon, pour le d\u00e9part, vers Dour pour l\u2019arriv\u00e9e o\u00f9, en 2006, le Fran\u00e7ais Renaud Dion a ouvert la voie de la victoire du \u00ab GP Samyn \u00bb revisit\u00e9. Plusieurs grands coureurs internationaux ont, depuis lors, inscrit leurs noms au palmar\u00e8s d\u00e9j\u00e0 prestigieux: les Jimmy Casper, Philippe Gilbert, Wouter Weylandt, Jens Keukeleire, Arnaud D\u00e9mare\u2026<\/p>\n\n\n<div class=\"wp-block-image\">\n<figure class=\"alignleft size-large is-resized\"><img fetchpriority=\"high\" decoding=\"async\" width=\"1024\" height=\"623\" src=\"http:\/\/www.haut-pays.be\/wordpress\/wp-content\/uploads\/2025\/02\/GP-Samyn-2024-Martine-Laine-2-1024x623.jpg\" alt=\"\" class=\"wp-image-379\" style=\"width:347px;height:auto\" srcset=\"http:\/\/www.haut-pays.be\/wordpress\/wp-content\/uploads\/2025\/02\/GP-Samyn-2024-Martine-Laine-2-1024x623.jpg 1024w, http:\/\/www.haut-pays.be\/wordpress\/wp-content\/uploads\/2025\/02\/GP-Samyn-2024-Martine-Laine-2-300x182.jpg 300w, http:\/\/www.haut-pays.be\/wordpress\/wp-content\/uploads\/2025\/02\/GP-Samyn-2024-Martine-Laine-2-768x467.jpg 768w, http:\/\/www.haut-pays.be\/wordpress\/wp-content\/uploads\/2025\/02\/GP-Samyn-2024-Martine-Laine-2-1536x934.jpg 1536w, http:\/\/www.haut-pays.be\/wordpress\/wp-content\/uploads\/2025\/02\/GP-Samyn-2024-Martine-Laine-2-2048x1246.jpg 2048w, http:\/\/www.haut-pays.be\/wordpress\/wp-content\/uploads\/2025\/02\/GP-Samyn-2024-Martine-Laine-2-1x1.jpg 1w, http:\/\/www.haut-pays.be\/wordpress\/wp-content\/uploads\/2025\/02\/GP-Samyn-2024-Martine-Laine-2-scaled.jpg 400w\" sizes=\"(max-width: 1024px) 100vw, 1024px\" \/><\/figure>\n<\/div>\n\n\n<p>En 2016, la course a pris un ton encore plus \u00ab infernal \u00bb en ajoutant des pav\u00e9s \u00e0 son circuit final: les grands formats de l\u2019exercice ont tr\u00e8s vite compris le message et sont venus dompter l\u2019imperturbable granit, Niki Terpstra, Guillaume Van Keirsbulcke, Florian S\u00e9n\u00e9chal, Tim Merlier, Matteo Trentin, les jeunes Belges Milan Menten et Laurenz rex, les deux derniers vainqueurs \u00e0 Dour.<br>2025 est l\u00e0! La 57e \u00e9dition de la course masculine s\u2019annonce p\u00e9tillante et novatrice \u00e0 plus d\u2019un titre. Elle a quitt\u00e9 le Coupe de Belgique et est devenue \u00ab Ename Samyn Classic \u00bb, accueillant ainsi un nouveau partenaire-titre, qui lui permet de voler de ses propres ailes. Son parcours a \u00e9t\u00e9 revisit\u00e9 pour devenir plus local. Les pav\u00e9s restent les juges de paix de la finale dans le Haut-Pays et \u00e0 Dour. Les 25 \u00e9quipes, dont 9 World Teams et 9 Pro Teams annoncent un tr\u00e8s haut niveau de course, de grands noms au d\u00e9part \u00e0 Quaregnon et un tout grand vainqueur \u00e0 Dour au terme des quelque 200 kilom\u00e8tres de course.<\/p>\n\n\n\n<h3 class=\"wp-block-heading\">Lotto Samyn des Dames<\/h3>\n\n\n\n<p>Les organisateurs du GP Samyn ont ouvert leur projet aux dames en 2012. Cette nouvelle dimension a tout de suite s\u00e9duit les coureuses les plus talentueuses du peloton f\u00e9minin. Le palmar\u00e8s est \u00e9loquent: Adrie Visser, Ellen van Dijk, Emma Johansson, Chantal Blaak, Sheyla Guti\u00e9rrez, Janneken Ensing, Jip Van den Bos, Lotto Kopecky, Emma Norsgaard, Marta Bastianelli et, en 2014, Vittoria Gazzini ont lev\u00e9 les bras \u00e0 Dour au terme des quelque 130 kilom\u00e8tres d\u2019une course durcie par les pav\u00e9s locaux.<br>2025 annonce, pour les dames \u00e9galement, plusieurs nouveaut\u00e9s. La course prend le nom de \u00ab Lotto Samyn des Dames \u00bb et une des plus grandes coureuses du monde, la multiple championne de France Audrey Cordon-Ragot, en est devenue l\u2019Ambassadrice! 25 \u00e9quipes dont 7 World Teams seront au d\u00e9part, le 4 mars, \u00e0 Quaregnon. Comme les hommes, les quelque 170 coureuses se lanceront \u00e0 la conqu\u00eate des prestigieux lauriers \u00e0 Dour. La laur\u00e9ate ajoutera \u00e0 son palmar\u00e8s une de ces lignes qu\u2019on n\u2019oublie pas\u2026<\/p>\n\n\n\n<p>\u2022<em> La Wallonia Samyn, asbl, est le moteur de l\u2019Ename Samyn Classic (1.1) et du Lotto Samyn des Dames (1.1). L\u2019association a ouvert son programme au GP Gerami (1.2), au Samyn des Juniors (U19) et au Samyn des Espoirs (U23) pour proposer une d\u00e9clinaison de courses dans la r\u00e9gion de Dour et du Haut-Pays, allant des \u00ab pros \u00bb jusqu\u2019aux jeunes talents.<\/em><\/p>\n\n\n\n<p><strong>\u2022 14e Lotto Samyn des Dames, 122 km, d\u00e9part \u00e0 Quaregnon \u00e0 11h, arriv\u00e9e \u00e0 Dour vers 14h30.<br>\u2022 57e Ename Samyn Classique, 199 km, d\u00e9part \u00e0 Quaregnon \u00e0 12h30, arriv\u00e9e \u00e0 Dour vers 17h30.<\/strong><\/p>\n\n\n\n<p>(<a href=\"https:\/\/ws-sport.events\/\">https:\/\/ws-sport.events\/<\/a>)<\/p>\n\n\n\n<p><\/p>\n","protected":false},"excerpt":{"rendered":"<p>Rendez-vous le 4 mars 2025 entre Quaregnon et Dour pour la grande ouverture du calendrier cycliste professionnel en Wallonie avec le Lotto Samyn des Dames (1.1) et l\u2019Ename Samyn Classic (1.1)! D\u00e9but des ann\u00e9es soixante. Dans toutes les r\u00e9gions, dans tous les villages, les coureurs cyclistes sont des champions. L\u00e0-bas, dans le \u00ab Haut-Pays, \u00bb [&hellip;]<\/p>\n","protected":false},"author":1,"featured_media":380,"comment_status":"closed","ping_status":"open","sticky":false,"template":"","format":"standard","meta":{"footnotes":""},"categories":[9],"tags":[],"class_list":["post-378","post","type-post","status-publish","format-standard","has-post-thumbnail","hentry","category-actualites"],"_links":{"self":[{"href":"http:\/\/www.haut-pays.be\/wordpress\/wp-json\/wp\/v2\/posts\/378","targetHints":{"allow":["GET"]}}],"collection":[{"href":"http:\/\/www.haut-pays.be\/wordpress\/wp-json\/wp\/v2\/posts"}],"about":[{"href":"http:\/\/www.haut-pays.be\/wordpress\/wp-json\/wp\/v2\/types\/post"}],"author":[{"embeddable":true,"href":"http:\/\/www.haut-pays.be\/wordpress\/wp-json\/wp\/v2\/users\/1"}],"replies":[{"embeddable":true,"href":"http:\/\/www.haut-pays.be\/wordpress\/wp-json\/wp\/v2\/comments?post=378"}],"version-history":[{"count":2,"href":"http:\/\/www.haut-pays.be\/wordpress\/wp-json\/wp\/v2\/posts\/378\/revisions"}],"predecessor-version":[{"id":609,"href":"http:\/\/www.haut-pays.be\/wordpress\/wp-json\/wp\/v2\/posts\/378\/revisions\/609"}],"wp:featuredmedia":[{"embeddable":true,"href":"http:\/\/www.haut-pays.be\/wordpress\/wp-json\/wp\/v2\/media\/380"}],"wp:attachment":[{"href":"http:\/\/www.haut-pays.be\/wordpress\/wp-json\/wp\/v2\/media?parent=378"}],"wp:term":[{"taxonomy":"category","embeddable":true,"href":"http:\/\/www.haut-pays.be\/wordpress\/wp-json\/wp\/v2\/categories?post=378"},{"taxonomy":"post_tag","embeddable":true,"href":"http:\/\/www.haut-pays.be\/wordpress\/wp-json\/wp\/v2\/tags?post=378"}],"curies":[{"name":"wp","href":"https:\/\/api.w.org\/{rel}","templated":true}]}}