{"id":283,"date":"2025-02-15T12:09:23","date_gmt":"2025-02-15T11:09:23","guid":{"rendered":"http:\/\/www.haut-pays.be\/wordpress\/?p=283"},"modified":"2025-02-19T09:56:35","modified_gmt":"2025-02-19T08:56:35","slug":"autreppe","status":"publish","type":"post","link":"http:\/\/www.haut-pays.be\/wordpress\/autreppe\/","title":{"rendered":"Autreppe"},"content":{"rendered":"\n<p>Depuis qu\u2019apr\u00e8s 1977, les services communaux se soient install\u00e9s dans la maison communale et l\u2019ancienne maison de l\u2019instituteur, Autreppe est devenue la \u00abCapitale\u00bb administrative de l\u2019entit\u00e9 de Honnelles.<br>Quelle belle revanche pour cette petite commune (149 hectares pour quelques 250 habitants) n\u2019ayant pratiquement aucune ressource et qui a toujours \u00e9t\u00e9 la plus pauvre de la r\u00e9gion. Durant l\u2019Ancien R\u00e9gime, elle d\u00e9pend de la paroisse fran\u00e7aise de Gussignies, de l\u2019autre c\u00f4t\u00e9 de l\u2019actuelle fronti\u00e8re. En 1803, lors du Concordat, elle passe sous la d\u00e9pendance de l\u2019\u00e9glise d\u2019Onnezies jusqu\u2019en 1856. A cette date, elle sera dot\u00e9e d\u2019un sanctuaire (l\u2019\u00e9glise Saint Louis avec son clocher couvert de zinc), et \u00e9rig\u00e9e en paroisse autonome. De 1803 \u00e0 1856, les morts \u00e9taient enterr\u00e9s \u00e0 Onnezies en passant par le bois (boquet \u00e0 carbaux) et le bien nomm\u00e9 \u00abchemin des morts\u00bb (actuellement Rue Ghislain Luciez).<br><br>Le village n\u2019eut \u00e9galement son \u00e9cole et des routes correctes que bien apr\u00e8s les autres. Vers Onnezies, la route ne sera b\u00e9tonn\u00e9e qu\u2019en 1955.<br>Il fut longtemps isol\u00e9. A l\u2019est, la chauss\u00e9e Brunehault qui forme la limite avec Fayt-le-Franc.<br>La rue Chevauchoir traverse le bourg et relie Fayt-le-Franc \u00e0 Roisin. Elle ne fut r\u00e9alis\u00e9e qu\u2019apr\u00e8s 1885 et l\u2019ouverture de la ligne de chemin de fer Dour-Bavay en 1882. Gr\u00e2ce \u00e0 la gare baptis\u00e9e de Roisin-Autreppe, cette nouvelle voie ferr\u00e9e joue d\u2019embl\u00e9e, un r\u00f4le tr\u00e8s important dans le d\u00e9veloppement d\u2019Autreppe (trafic voyageurs et transport du marbre notamment). Beaucoup d\u2019Autreppois travaillaient alors dans les marbreries locales ou les villages fran\u00e7ais voisins. Outre le travail de la pierre, la seule autre industrie connue est une fabrique de p\u00e2te de pommes au Passe-tout-Outre, lieu-dit o\u00f9 est maintenant install\u00e9 dans une ancienne ferme du XVIIIe si\u00e8cle, une salle de r\u00e9ception: \u00abL\u2019auberge du Passe-tout-Outre\u00bb.<br>Vous pourrez \u00e9galement y admirer l\u2019am\u00e9nagement de l\u2019ancien poste de douane en habitation.<br>L\u2019\u00e9tymologie du nom du village ne semble pas souffrir la moindre discussion : \u00abalta ripa\u00bb c\u2019est-\u00e0-dire \u00abhautes rives\u00bb surtout quand on voit le relief creus\u00e9 par le ruisseau qui prend sa source en territoire fran\u00e7ais pr\u00e8s du \u00abPasse-tout-Outre\u00bb au lieu-dit la Canarderie, pr\u00e8s du bois d\u2019Audois, pour se jeter dans la Grande Honnelle, \u00e0 l\u2019ancienne marbrerie Cordiez.<br>Circulez dans le village qui fut autrefois bocager et admirez y quelques jolies petites fermes pleines de charme (Rues Renault Moulin et Ghislain Luciez) ainsi qu\u2019une borne (grav\u00e9e N 1819) situ\u00e9e au coin de la prairie qui conduit \u00e0 Gussignies par le bois du Boutenier. Cette derni\u00e8re rappelle, qu\u2019\u00e0 l\u2019\u00e9poque, les provinces belges \u00e9taient r\u00e9unies au Pays-Bas (N).<\/p>\n\n\n\n<figure class=\"wp-block-image\"><a href=\"http:\/\/www.haut-pays.be\/photos\/23.jpg\"><img decoding=\"async\" src=\"http:\/\/www.haut-pays.be\/photos_mini\/23.jpg\" alt=\"\"\/><\/a><\/figure>\n\n\n\n<p>N\u00e9e du dynamisme de feu Denis Tirlocq, la ducasse du village est toujours, actuellement, la plus importante de toute la r\u00e9gion (le dernier week end de juillet). Avant de repartir, vous ne manquerez pas de pousser la porte du \u00abBon Vieux Temps\u00bb, l\u2019estaminet, pr\u00e8s de l\u2019\u00e9glise, o\u00f9 promeneurs et habitu\u00e9s aiment se retrouver dans une ambiance conviviale.<\/p>\n","protected":false},"excerpt":{"rendered":"<p>Depuis qu\u2019apr\u00e8s 1977, les services communaux se soient install\u00e9s dans la maison communale et l\u2019ancienne maison de l\u2019instituteur, Autreppe est devenue la \u00abCapitale\u00bb administrative de l\u2019entit\u00e9 de Honnelles.Quelle belle revanche pour cette petite commune (149 hectares pour quelques 250 habitants) n\u2019ayant pratiquement aucune ressource et qui a toujours \u00e9t\u00e9 la plus pauvre de la r\u00e9gion. [&hellip;]<\/p>\n","protected":false},"author":2,"featured_media":350,"comment_status":"closed","ping_status":"open","sticky":false,"template":"","format":"standard","meta":{"footnotes":""},"categories":[10],"tags":[],"class_list":["post-283","post","type-post","status-publish","format-standard","has-post-thumbnail","hentry","category-villages"],"_links":{"self":[{"href":"http:\/\/www.haut-pays.be\/wordpress\/wp-json\/wp\/v2\/posts\/283","targetHints":{"allow":["GET"]}}],"collection":[{"href":"http:\/\/www.haut-pays.be\/wordpress\/wp-json\/wp\/v2\/posts"}],"about":[{"href":"http:\/\/www.haut-pays.be\/wordpress\/wp-json\/wp\/v2\/types\/post"}],"author":[{"embeddable":true,"href":"http:\/\/www.haut-pays.be\/wordpress\/wp-json\/wp\/v2\/users\/2"}],"replies":[{"embeddable":true,"href":"http:\/\/www.haut-pays.be\/wordpress\/wp-json\/wp\/v2\/comments?post=283"}],"version-history":[{"count":4,"href":"http:\/\/www.haut-pays.be\/wordpress\/wp-json\/wp\/v2\/posts\/283\/revisions"}],"predecessor-version":[{"id":817,"href":"http:\/\/www.haut-pays.be\/wordpress\/wp-json\/wp\/v2\/posts\/283\/revisions\/817"}],"wp:featuredmedia":[{"embeddable":true,"href":"http:\/\/www.haut-pays.be\/wordpress\/wp-json\/wp\/v2\/media\/350"}],"wp:attachment":[{"href":"http:\/\/www.haut-pays.be\/wordpress\/wp-json\/wp\/v2\/media?parent=283"}],"wp:term":[{"taxonomy":"category","embeddable":true,"href":"http:\/\/www.haut-pays.be\/wordpress\/wp-json\/wp\/v2\/categories?post=283"},{"taxonomy":"post_tag","embeddable":true,"href":"http:\/\/www.haut-pays.be\/wordpress\/wp-json\/wp\/v2\/tags?post=283"}],"curies":[{"name":"wp","href":"https:\/\/api.w.org\/{rel}","templated":true}]}}