{"id":2036,"date":"2026-03-14T13:38:01","date_gmt":"2026-03-14T12:38:01","guid":{"rendered":"http:\/\/www.haut-pays.be\/wordpress\/?p=2036"},"modified":"2026-03-14T13:41:03","modified_gmt":"2026-03-14T12:41:03","slug":"le-parc-naturel-des-hauts-pays-en-fete","status":"publish","type":"post","link":"http:\/\/www.haut-pays.be\/wordpress\/le-parc-naturel-des-hauts-pays-en-fete\/","title":{"rendered":"Le Parc naturel des Hauts-Pays en f\u00eate"},"content":{"rendered":"\n<p>\u00ab\u00a0VIVANT\u00a0\u00bb, la f\u00eate du Parc naturel des Hauts-Pays, est de retour le 3 mai pour une troisi\u00e8me \u00e9dition! Cette fois, c\u2019est \u00e0 l\u2019Abbaye des Rocs d\u2019Audregnies que le Parc donne rendez-vous pour c\u00e9l\u00e9brer la f\u00eate annuelle du Parc naturel des Hauts-Pays. Une journ\u00e9e m\u00ealant convivialit\u00e9, nature et animations en perspective!<img decoding=\"async\" height=\"16\" width=\"16\" src=\"https:\/\/static.xx.fbcdn.net\/images\/emoji.php\/v9\/t6d\/1\/16\/2600.png\" alt=\"\u2600\ufe0f\"><\/p>\n\n\n\n<p>Au programme :<\/p>\n\n\n\n<p><img decoding=\"async\" height=\"16\" width=\"16\" alt=\"\ud83e\uddfa\" src=\"https:\/\/static.xx.fbcdn.net\/images\/emoji.php\/v9\/tcc\/1\/16\/1f9fa.png\"><img decoding=\"async\" height=\"16\" width=\"16\" alt=\"\ud83c\udf4e\" src=\"https:\/\/static.xx.fbcdn.net\/images\/emoji.php\/v9\/t3c\/1\/16\/1f34e.png\">&nbsp;Grand march\u00e9 d\u2019artisans et de producteurs locaux<\/p>\n\n\n\n<p><img loading=\"lazy\" decoding=\"async\" height=\"16\" width=\"16\" alt=\"\ud83d\udeb6\u200d\u2642\ufe0f\" src=\"https:\/\/static.xx.fbcdn.net\/images\/emoji.php\/v9\/t92\/1\/16\/1f6b6_200d_2642.png\"><img loading=\"lazy\" decoding=\"async\" height=\"16\" width=\"16\" alt=\"\ud83c\udf3f\" src=\"https:\/\/static.xx.fbcdn.net\/images\/emoji.php\/v9\/t1e\/1\/16\/1f33f.png\">&nbsp;Balades guid\u00e9es dans le domaine<\/p>\n\n\n\n<p><img loading=\"lazy\" decoding=\"async\" height=\"16\" width=\"16\" alt=\"\ud83c\udff0\" src=\"https:\/\/static.xx.fbcdn.net\/images\/emoji.php\/v9\/t95\/1\/16\/1f3f0.png\"><img loading=\"lazy\" decoding=\"async\" height=\"16\" width=\"16\" alt=\"\ud83c\udf88\" src=\"https:\/\/static.xx.fbcdn.net\/images\/emoji.php\/v9\/tb\/1\/16\/1f388.png\">&nbsp;Ch\u00e2teau gonflable<\/p>\n\n\n\n<p><img loading=\"lazy\" decoding=\"async\" height=\"16\" width=\"16\" src=\"https:\/\/static.xx.fbcdn.net\/images\/emoji.php\/v9\/t8c\/1\/16\/1f389.png\" alt=\"\ud83c\udf89\"><img loading=\"lazy\" decoding=\"async\" height=\"16\" width=\"16\" src=\"https:\/\/static.xx.fbcdn.net\/images\/emoji.php\/v9\/tf4\/1\/16\/2728.png\" alt=\"\u2728\">\u00a0Et plein d\u2019autres animations pour petits et grands!<\/p>\n\n\n\n<p>Bloquez la date dans votre agenda et venez vivre un moment de partage dans une ambiance chaleureuse qui ravira toute votre famille et tous vos amis !&nbsp;<img loading=\"lazy\" decoding=\"async\" height=\"16\" width=\"16\" alt=\"\ud83d\udc9a\" src=\"https:\/\/static.xx.fbcdn.net\/images\/emoji.php\/v9\/t94\/1\/16\/1f49a.png\"><img loading=\"lazy\" decoding=\"async\" height=\"16\" width=\"16\" alt=\"\ud83c\udfb6\" src=\"https:\/\/static.xx.fbcdn.net\/images\/emoji.php\/v9\/t1f\/1\/16\/1f3b6.png\"><img loading=\"lazy\" decoding=\"async\" height=\"16\" width=\"16\" alt=\"\ud83c\udf38\" src=\"https:\/\/static.xx.fbcdn.net\/images\/emoji.php\/v9\/tf0\/1\/16\/1f338.png\"><\/p>\n\n\n\n<p>(Plus d\u2019infos avec le programme complet arrivent tr\u00e8s vite) > <a href=\"https:\/\/www.pnhp.be\">https:\/\/www.pnhp.be<\/a><\/p>\n\n\n\n<p><\/p>\n","protected":false},"excerpt":{"rendered":"<p>\u00ab\u00a0VIVANT\u00a0\u00bb, la f\u00eate du Parc naturel des Hauts-Pays, est de retour le 3 mai pour une troisi\u00e8me \u00e9dition! Cette fois, c\u2019est \u00e0 l\u2019Abbaye des Rocs d\u2019Audregnies que le Parc donne rendez-vous pour c\u00e9l\u00e9brer la f\u00eate annuelle du Parc naturel des Hauts-Pays. Une journ\u00e9e m\u00ealant convivialit\u00e9, nature et animations en perspective! Au programme : &nbsp;Grand march\u00e9 [&hellip;]<\/p>\n","protected":false},"author":1,"featured_media":2037,"comment_status":"closed","ping_status":"open","sticky":false,"template":"","format":"standard","meta":{"footnotes":""},"categories":[9],"tags":[],"class_list":["post-2036","post","type-post","status-publish","format-standard","has-post-thumbnail","hentry","category-actualites"],"_links":{"self":[{"href":"http:\/\/www.haut-pays.be\/wordpress\/wp-json\/wp\/v2\/posts\/2036","targetHints":{"allow":["GET"]}}],"collection":[{"href":"http:\/\/www.haut-pays.be\/wordpress\/wp-json\/wp\/v2\/posts"}],"about":[{"href":"http:\/\/www.haut-pays.be\/wordpress\/wp-json\/wp\/v2\/types\/post"}],"author":[{"embeddable":true,"href":"http:\/\/www.haut-pays.be\/wordpress\/wp-json\/wp\/v2\/users\/1"}],"replies":[{"embeddable":true,"href":"http:\/\/www.haut-pays.be\/wordpress\/wp-json\/wp\/v2\/comments?post=2036"}],"version-history":[{"count":1,"href":"http:\/\/www.haut-pays.be\/wordpress\/wp-json\/wp\/v2\/posts\/2036\/revisions"}],"predecessor-version":[{"id":2038,"href":"http:\/\/www.haut-pays.be\/wordpress\/wp-json\/wp\/v2\/posts\/2036\/revisions\/2038"}],"wp:featuredmedia":[{"embeddable":true,"href":"http:\/\/www.haut-pays.be\/wordpress\/wp-json\/wp\/v2\/media\/2037"}],"wp:attachment":[{"href":"http:\/\/www.haut-pays.be\/wordpress\/wp-json\/wp\/v2\/media?parent=2036"}],"wp:term":[{"taxonomy":"category","embeddable":true,"href":"http:\/\/www.haut-pays.be\/wordpress\/wp-json\/wp\/v2\/categories?post=2036"},{"taxonomy":"post_tag","embeddable":true,"href":"http:\/\/www.haut-pays.be\/wordpress\/wp-json\/wp\/v2\/tags?post=2036"}],"curies":[{"name":"wp","href":"https:\/\/api.w.org\/{rel}","templated":true}]}}