{"id":2028,"date":"2026-03-01T09:59:06","date_gmt":"2026-03-01T08:59:06","guid":{"rendered":"http:\/\/www.haut-pays.be\/wordpress\/?p=2028"},"modified":"2026-03-15T12:32:52","modified_gmt":"2026-03-15T11:32:52","slug":"le-theatre-au-chateau-revient-en-terres-honnelloises-en-2026","status":"publish","type":"post","link":"http:\/\/www.haut-pays.be\/wordpress\/le-theatre-au-chateau-revient-en-terres-honnelloises-en-2026\/","title":{"rendered":"Le \u00ab\u00a0Th\u00e9\u00e2tre au Ch\u00e2teau\u00a0\u00bb revient en terres honnelloises en 2026!"},"content":{"rendered":"\n<p><em>Le <strong>\u00ab&nbsp;Th\u00e9\u00e2tre au Ch\u00e2teau&nbsp;\u00bb<\/strong>, concept cr\u00e9\u00e9 par le <strong>Syndicat d\u2019Initiative du Haut-Pays, <\/strong>est de retour en terres honnelloises, au <strong>Ch\u00e2teau de Montignies-sur-Roc,<\/strong> en 2026!<\/em><\/p>\n\n\n\n<p>Apr\u00e8s une impasse d\u2019un, an, en 2025, le Th\u00e9\u00e2tre fera son grand retour au Ch\u00e2teau de Montignies-sur-Roc (Honnelles) le <strong>dimanche 9 ao\u00fbt 2026<\/strong> (20h) pour plonger le public dans <strong>\u00ab&nbsp;Un Monde Id\u00e9al&nbsp;\u00bb<\/strong>, pi\u00e8ce de Nicolas Poiret et S\u00e9bastien Blanc, qui sera interpr\u00e9t\u00e9e par le partenaire historique du \u00ab&nbsp;Th\u00e9\u00e2tre au Ch\u00e2teau&nbsp;\u00bb, le<strong> \u00ab&nbsp;Th\u00e9\u00e2tre royal des Galeries&nbsp;\u00bb<\/strong>. Ambiance conviviale, tr\u00e8s festive et buffet campagnard au menu du jour! \u00ab&nbsp;C\u2019est l\u2019adn du Th\u00e9\u00e2tre au Ch\u00e2teau&nbsp;\u00bb.<\/p>\n\n\n\n<p><strong>Michel Ledent, pr\u00e9sident du Syndicat d\u2019Initiative du Haut-Pays.<\/strong><em> \u00ab&nbsp;Nous nous r\u00e9jouissons de retrouver nos bases dans le superbe parc du Ch\u00e2teau de Montignies-sur-Roc, pour ce retour tr\u00e8s attendu du \u00ab&nbsp;Th\u00e9\u00e2tre au Ch\u00e2teau&nbsp;\u00bb. La Commune de Honnelles retrouve ainsi, apr\u00e8s une impasse d\u2019un an, un de ses \u00e9v\u00e9nements culturels majeurs! La troupe du Th\u00e9\u00e2tre royal des Galeries est tr\u00e8s enthousiaste \u00e0 l\u2019id\u00e9e de retrouver la sc\u00e8ne de Montignies-sur-Roc: elle entend d\u2019ores et d\u00e9j\u00e0 se livrer totalement dans sa pi\u00e8ce au titre tr\u00e8s \u00e9vocateur\u2026 \u00ab&nbsp;Un Monde id\u00e9al&nbsp;\u00bb! Bienvenue au \u00ab&nbsp;Th\u00e9\u00e2tre au Ch\u00e2teau&nbsp;\u00bb 2026&nbsp;!&nbsp;\u00bb<\/em><\/p>\n\n\n\n<figure class=\"wp-block-gallery has-nested-images columns-default is-cropped wp-block-gallery-1 is-layout-flex wp-block-gallery-is-layout-flex\">\n<figure class=\"wp-block-image size-large\"><img fetchpriority=\"high\" decoding=\"async\" width=\"400\" height=\"321\" data-id=\"2027\" src=\"http:\/\/www.haut-pays.be\/wordpress\/wp-content\/uploads\/2026\/03\/tac-2026.jpeg\" alt=\"\" class=\"wp-image-2027\" srcset=\"http:\/\/www.haut-pays.be\/wordpress\/wp-content\/uploads\/2026\/03\/tac-2026.jpeg 400w, http:\/\/www.haut-pays.be\/wordpress\/wp-content\/uploads\/2026\/03\/tac-2026-300x241.jpeg 300w, http:\/\/www.haut-pays.be\/wordpress\/wp-content\/uploads\/2026\/03\/tac-2026-1x1.jpeg 1w\" sizes=\"(max-width: 400px) 100vw, 400px\" \/><figcaption class=\"wp-element-caption\">Screenshot<\/figcaption><\/figure>\n\n\n\n<figure class=\"wp-block-image size-large\"><img decoding=\"async\" width=\"400\" height=\"300\" data-id=\"2029\" src=\"http:\/\/www.haut-pays.be\/wordpress\/wp-content\/uploads\/2026\/03\/Montignies-Le-chateau.jpg\" alt=\"\" class=\"wp-image-2029\" srcset=\"http:\/\/www.haut-pays.be\/wordpress\/wp-content\/uploads\/2026\/03\/Montignies-Le-chateau.jpg 400w, http:\/\/www.haut-pays.be\/wordpress\/wp-content\/uploads\/2026\/03\/Montignies-Le-chateau-300x225.jpg 300w, http:\/\/www.haut-pays.be\/wordpress\/wp-content\/uploads\/2026\/03\/Montignies-Le-chateau-1x1.jpg 1w\" sizes=\"(max-width: 400px) 100vw, 400px\" \/><\/figure>\n<\/figure>\n","protected":false},"excerpt":{"rendered":"<p>Le \u00ab&nbsp;Th\u00e9\u00e2tre au Ch\u00e2teau&nbsp;\u00bb, concept cr\u00e9\u00e9 par le Syndicat d\u2019Initiative du Haut-Pays, est de retour en terres honnelloises, au Ch\u00e2teau de Montignies-sur-Roc, en 2026! Apr\u00e8s une impasse d\u2019un, an, en 2025, le Th\u00e9\u00e2tre fera son grand retour au Ch\u00e2teau de Montignies-sur-Roc (Honnelles) le dimanche 9 ao\u00fbt 2026 (20h) pour plonger le public dans \u00ab&nbsp;Un Monde [&hellip;]<\/p>\n","protected":false},"author":1,"featured_media":2027,"comment_status":"closed","ping_status":"open","sticky":false,"template":"","format":"standard","meta":{"footnotes":""},"categories":[9],"tags":[],"class_list":["post-2028","post","type-post","status-publish","format-standard","has-post-thumbnail","hentry","category-actualites"],"_links":{"self":[{"href":"http:\/\/www.haut-pays.be\/wordpress\/wp-json\/wp\/v2\/posts\/2028","targetHints":{"allow":["GET"]}}],"collection":[{"href":"http:\/\/www.haut-pays.be\/wordpress\/wp-json\/wp\/v2\/posts"}],"about":[{"href":"http:\/\/www.haut-pays.be\/wordpress\/wp-json\/wp\/v2\/types\/post"}],"author":[{"embeddable":true,"href":"http:\/\/www.haut-pays.be\/wordpress\/wp-json\/wp\/v2\/users\/1"}],"replies":[{"embeddable":true,"href":"http:\/\/www.haut-pays.be\/wordpress\/wp-json\/wp\/v2\/comments?post=2028"}],"version-history":[{"count":4,"href":"http:\/\/www.haut-pays.be\/wordpress\/wp-json\/wp\/v2\/posts\/2028\/revisions"}],"predecessor-version":[{"id":2042,"href":"http:\/\/www.haut-pays.be\/wordpress\/wp-json\/wp\/v2\/posts\/2028\/revisions\/2042"}],"wp:featuredmedia":[{"embeddable":true,"href":"http:\/\/www.haut-pays.be\/wordpress\/wp-json\/wp\/v2\/media\/2027"}],"wp:attachment":[{"href":"http:\/\/www.haut-pays.be\/wordpress\/wp-json\/wp\/v2\/media?parent=2028"}],"wp:term":[{"taxonomy":"category","embeddable":true,"href":"http:\/\/www.haut-pays.be\/wordpress\/wp-json\/wp\/v2\/categories?post=2028"},{"taxonomy":"post_tag","embeddable":true,"href":"http:\/\/www.haut-pays.be\/wordpress\/wp-json\/wp\/v2\/tags?post=2028"}],"curies":[{"name":"wp","href":"https:\/\/api.w.org\/{rel}","templated":true}]}}