{"id":1982,"date":"2026-02-26T17:32:00","date_gmt":"2026-02-26T16:32:00","guid":{"rendered":"http:\/\/www.haut-pays.be\/wordpress\/?p=1982"},"modified":"2026-02-26T17:32:00","modified_gmt":"2026-02-26T16:32:00","slug":"le-samyn-sur-les-paves-honnellois","status":"publish","type":"post","link":"http:\/\/www.haut-pays.be\/wordpress\/le-samyn-sur-les-paves-honnellois\/","title":{"rendered":"Le Samyn sur les pav\u00e9s honnellois"},"content":{"rendered":"\n<p>C\u2019est une tr\u00e8s belle tradition, le \u00ab\u00a0Samyn\u00a0\u00bb ouvre  chaque ann\u00e9e la saison cycliste professionnelle en Wallonie. Apr\u00e8s l\u2019ouverture de la campagne en Flandre avec le Omloop Het Nieuwsblad et Kuurne-Brussel-Kuurne, place aux routes wallonnes les 2 et 3 mars \u00e0 l\u2019occasion du <strong>Beobank Samyn Ladies<\/strong> et de l\u2019<strong>Ename Samyn Classic<\/strong>\u00a0! Les parcours des deux courses se concentreront en grande partie sur les routes du Haut-Pays de Honnelles\u00a0! D\u00e9parts \u00e0 Quaregnon, arriv\u00e9es \u00e0 Dour\u00a0! Qui succ\u00e9dera aux N\u00e9erlandais Lorena Wiebes et Mathieu Van der Poel au palmar\u00e8s de la course\u00a0?<\/p>\n\n\n\n<p>Internet. <a href=\"https:\/\/men.lesamyn.be\/\">https:\/\/men.lesamyn.be\/<\/a><\/p>\n\n\n\n<p><\/p>\n","protected":false},"excerpt":{"rendered":"<p>C\u2019est une tr\u00e8s belle tradition, le \u00ab\u00a0Samyn\u00a0\u00bb ouvre chaque ann\u00e9e la saison cycliste professionnelle en Wallonie. Apr\u00e8s l\u2019ouverture de la campagne en Flandre avec le Omloop Het Nieuwsblad et Kuurne-Brussel-Kuurne, place aux routes wallonnes les 2 et 3 mars \u00e0 l\u2019occasion du Beobank Samyn Ladies et de l\u2019Ename Samyn Classic\u00a0! Les parcours des deux courses [&hellip;]<\/p>\n","protected":false},"author":1,"featured_media":1983,"comment_status":"closed","ping_status":"open","sticky":false,"template":"","format":"standard","meta":{"footnotes":""},"categories":[9],"tags":[],"class_list":["post-1982","post","type-post","status-publish","format-standard","has-post-thumbnail","hentry","category-actualites"],"_links":{"self":[{"href":"http:\/\/www.haut-pays.be\/wordpress\/wp-json\/wp\/v2\/posts\/1982","targetHints":{"allow":["GET"]}}],"collection":[{"href":"http:\/\/www.haut-pays.be\/wordpress\/wp-json\/wp\/v2\/posts"}],"about":[{"href":"http:\/\/www.haut-pays.be\/wordpress\/wp-json\/wp\/v2\/types\/post"}],"author":[{"embeddable":true,"href":"http:\/\/www.haut-pays.be\/wordpress\/wp-json\/wp\/v2\/users\/1"}],"replies":[{"embeddable":true,"href":"http:\/\/www.haut-pays.be\/wordpress\/wp-json\/wp\/v2\/comments?post=1982"}],"version-history":[{"count":1,"href":"http:\/\/www.haut-pays.be\/wordpress\/wp-json\/wp\/v2\/posts\/1982\/revisions"}],"predecessor-version":[{"id":1984,"href":"http:\/\/www.haut-pays.be\/wordpress\/wp-json\/wp\/v2\/posts\/1982\/revisions\/1984"}],"wp:featuredmedia":[{"embeddable":true,"href":"http:\/\/www.haut-pays.be\/wordpress\/wp-json\/wp\/v2\/media\/1983"}],"wp:attachment":[{"href":"http:\/\/www.haut-pays.be\/wordpress\/wp-json\/wp\/v2\/media?parent=1982"}],"wp:term":[{"taxonomy":"category","embeddable":true,"href":"http:\/\/www.haut-pays.be\/wordpress\/wp-json\/wp\/v2\/categories?post=1982"},{"taxonomy":"post_tag","embeddable":true,"href":"http:\/\/www.haut-pays.be\/wordpress\/wp-json\/wp\/v2\/tags?post=1982"}],"curies":[{"name":"wp","href":"https:\/\/api.w.org\/{rel}","templated":true}]}}