{"id":1838,"date":"2025-05-04T09:25:51","date_gmt":"2025-05-04T07:25:51","guid":{"rendered":"http:\/\/www.haut-pays.be\/wordpress\/?p=1838"},"modified":"2025-05-04T09:26:45","modified_gmt":"2025-05-04T07:26:45","slug":"lecture-decouverte-montignies-sur-roc-dans-le-retro","status":"publish","type":"post","link":"http:\/\/www.haut-pays.be\/wordpress\/lecture-decouverte-montignies-sur-roc-dans-le-retro\/","title":{"rendered":"Lecture-(re)d\u00e9couverte: Montignies-sur-Roc dans le R\u00e9tro"},"content":{"rendered":"\n<p>Montagnard dans l\u2019\u00e2me, <strong>Alain Ladri\u00e8r<\/strong>e a publi\u00e9 en 2020 un premier ouvrage, <strong>\u00ab\u00a0Montignies dans le R\u00e9tro\u00a0\u00bb<\/strong>, dans lequel il retrace la riche vie associative de son village et la destin\u00e9e de quelques figures embl\u00e9matiques locales. Un deuxi\u00e8me livre a suivi dans lequel l\u2019auteur suit la m\u00eame d\u00e9marche en y ajoutant une touche plus historique, relatant quelques faits marquants de la premi\u00e8re moiti\u00e9 du 20e si\u00e8cle, p\u00e9riode frapp\u00e9e par les deux guerres mondiales. Dans la deuxi\u00e8me partie, l\u2019auteur apporte une note plus personnelle en revivant sa jeunesse dans ces ann\u00e9es que l\u2019on d\u00e9signe aujourd\u2019hui sous le nom des \u00ab Trente Glorieuses \u00bb.<br>Deux beaux livres, richement illustr\u00e9s, \u00e0 d\u00e9couvrir!<\/p>\n\n\n\n<ul class=\"wp-block-list\">\n<li><a href=\"http:\/\/www.haut-pays.be\/wordpress\/montignies-sur-roc\/\"><strong>D\u00e9couvrez Montignies-sur-Roc, son histoire, ses curiosit\u00e9s<\/strong><\/a><\/li>\n\n\n\n<li><a href=\"http:\/\/www.haut-pays.be\/wordpress\/publications\/\"><strong>Les publications disponibles au Syndicat d&rsquo;Initiative du Haut-Pays<\/strong><\/a><\/li>\n<\/ul>\n\n\n\n<figure class=\"wp-block-gallery has-nested-images columns-default is-cropped wp-block-gallery-1 is-layout-flex wp-block-gallery-is-layout-flex\">\n<figure class=\"wp-block-image size-large\"><a href=\"http:\/\/www.haut-pays.be\/wordpress\/wp-content\/uploads\/2025\/05\/Numerisation_20220125-10.png\"><img fetchpriority=\"high\" decoding=\"async\" width=\"400\" height=\"251\" data-id=\"1843\" src=\"http:\/\/www.haut-pays.be\/wordpress\/wp-content\/uploads\/2025\/05\/Numerisation_20220125-10.png\" alt=\"\" class=\"wp-image-1843\" srcset=\"http:\/\/www.haut-pays.be\/wordpress\/wp-content\/uploads\/2025\/05\/Numerisation_20220125-10.png 400w, http:\/\/www.haut-pays.be\/wordpress\/wp-content\/uploads\/2025\/05\/Numerisation_20220125-10-300x188.png 300w, http:\/\/www.haut-pays.be\/wordpress\/wp-content\/uploads\/2025\/05\/Numerisation_20220125-10-1x1.png 1w\" sizes=\"(max-width: 400px) 100vw, 400px\" \/><\/a><\/figure>\n\n\n\n<figure class=\"wp-block-image size-large\"><a href=\"http:\/\/www.haut-pays.be\/wordpress\/wp-content\/uploads\/2025\/05\/montignies014-2.jpg\"><img decoding=\"async\" width=\"400\" height=\"257\" data-id=\"1842\" src=\"http:\/\/www.haut-pays.be\/wordpress\/wp-content\/uploads\/2025\/05\/montignies014-2.jpg\" alt=\"\" class=\"wp-image-1842\" srcset=\"http:\/\/www.haut-pays.be\/wordpress\/wp-content\/uploads\/2025\/05\/montignies014-2.jpg 400w, http:\/\/www.haut-pays.be\/wordpress\/wp-content\/uploads\/2025\/05\/montignies014-2-300x193.jpg 300w, http:\/\/www.haut-pays.be\/wordpress\/wp-content\/uploads\/2025\/05\/montignies014-2-1x1.jpg 1w\" sizes=\"(max-width: 400px) 100vw, 400px\" \/><\/a><\/figure>\n\n\n\n<figure class=\"wp-block-image size-large\"><a href=\"http:\/\/www.haut-pays.be\/wordpress\/wp-content\/uploads\/2025\/05\/Capture-PLACE2-3.png\"><img decoding=\"async\" width=\"400\" height=\"245\" data-id=\"1841\" src=\"http:\/\/www.haut-pays.be\/wordpress\/wp-content\/uploads\/2025\/05\/Capture-PLACE2-3.png\" alt=\"\" class=\"wp-image-1841\" srcset=\"http:\/\/www.haut-pays.be\/wordpress\/wp-content\/uploads\/2025\/05\/Capture-PLACE2-3.png 400w, http:\/\/www.haut-pays.be\/wordpress\/wp-content\/uploads\/2025\/05\/Capture-PLACE2-3-300x184.png 300w, http:\/\/www.haut-pays.be\/wordpress\/wp-content\/uploads\/2025\/05\/Capture-PLACE2-3-1x1.png 1w\" sizes=\"(max-width: 400px) 100vw, 400px\" \/><\/a><\/figure>\n\n\n\n<figure class=\"wp-block-image size-large\"><img loading=\"lazy\" decoding=\"async\" width=\"400\" height=\"400\" data-id=\"1840\" src=\"http:\/\/www.haut-pays.be\/wordpress\/wp-content\/uploads\/2025\/05\/318086981_684569196583689_269609293459089080_n.jpg\" alt=\"\" class=\"wp-image-1840\" srcset=\"http:\/\/www.haut-pays.be\/wordpress\/wp-content\/uploads\/2025\/05\/318086981_684569196583689_269609293459089080_n.jpg 400w, http:\/\/www.haut-pays.be\/wordpress\/wp-content\/uploads\/2025\/05\/318086981_684569196583689_269609293459089080_n-300x300.jpg 300w, http:\/\/www.haut-pays.be\/wordpress\/wp-content\/uploads\/2025\/05\/318086981_684569196583689_269609293459089080_n-150x150.jpg 150w, http:\/\/www.haut-pays.be\/wordpress\/wp-content\/uploads\/2025\/05\/318086981_684569196583689_269609293459089080_n-1x1.jpg 1w\" sizes=\"(max-width: 400px) 100vw, 400px\" \/><\/figure>\n\n\n\n<figure class=\"wp-block-image size-large\"><a href=\"http:\/\/www.haut-pays.be\/wordpress\/wp-content\/uploads\/2025\/05\/67-Le-chateau-des-Comtesses-en-1907-2.jpg\"><img loading=\"lazy\" decoding=\"async\" width=\"400\" height=\"257\" data-id=\"1839\" src=\"http:\/\/www.haut-pays.be\/wordpress\/wp-content\/uploads\/2025\/05\/67-Le-chateau-des-Comtesses-en-1907-2.jpg\" alt=\"\" class=\"wp-image-1839\" srcset=\"http:\/\/www.haut-pays.be\/wordpress\/wp-content\/uploads\/2025\/05\/67-Le-chateau-des-Comtesses-en-1907-2.jpg 400w, http:\/\/www.haut-pays.be\/wordpress\/wp-content\/uploads\/2025\/05\/67-Le-chateau-des-Comtesses-en-1907-2-300x193.jpg 300w, http:\/\/www.haut-pays.be\/wordpress\/wp-content\/uploads\/2025\/05\/67-Le-chateau-des-Comtesses-en-1907-2-1x1.jpg 1w\" sizes=\"(max-width: 400px) 100vw, 400px\" \/><\/a><\/figure>\n<\/figure>\n","protected":false},"excerpt":{"rendered":"<p>Montagnard dans l\u2019\u00e2me, Alain Ladri\u00e8re a publi\u00e9 en 2020 un premier ouvrage, \u00ab\u00a0Montignies dans le R\u00e9tro\u00a0\u00bb, dans lequel il retrace la riche vie associative de son village et la destin\u00e9e de quelques figures embl\u00e9matiques locales. Un deuxi\u00e8me livre a suivi dans lequel l\u2019auteur suit la m\u00eame d\u00e9marche en y ajoutant une touche plus historique, relatant [&hellip;]<\/p>\n","protected":false},"author":1,"featured_media":1843,"comment_status":"closed","ping_status":"open","sticky":false,"template":"","format":"standard","meta":{"footnotes":""},"categories":[9],"tags":[],"class_list":["post-1838","post","type-post","status-publish","format-standard","has-post-thumbnail","hentry","category-actualites"],"_links":{"self":[{"href":"http:\/\/www.haut-pays.be\/wordpress\/wp-json\/wp\/v2\/posts\/1838","targetHints":{"allow":["GET"]}}],"collection":[{"href":"http:\/\/www.haut-pays.be\/wordpress\/wp-json\/wp\/v2\/posts"}],"about":[{"href":"http:\/\/www.haut-pays.be\/wordpress\/wp-json\/wp\/v2\/types\/post"}],"author":[{"embeddable":true,"href":"http:\/\/www.haut-pays.be\/wordpress\/wp-json\/wp\/v2\/users\/1"}],"replies":[{"embeddable":true,"href":"http:\/\/www.haut-pays.be\/wordpress\/wp-json\/wp\/v2\/comments?post=1838"}],"version-history":[{"count":2,"href":"http:\/\/www.haut-pays.be\/wordpress\/wp-json\/wp\/v2\/posts\/1838\/revisions"}],"predecessor-version":[{"id":1846,"href":"http:\/\/www.haut-pays.be\/wordpress\/wp-json\/wp\/v2\/posts\/1838\/revisions\/1846"}],"wp:featuredmedia":[{"embeddable":true,"href":"http:\/\/www.haut-pays.be\/wordpress\/wp-json\/wp\/v2\/media\/1843"}],"wp:attachment":[{"href":"http:\/\/www.haut-pays.be\/wordpress\/wp-json\/wp\/v2\/media?parent=1838"}],"wp:term":[{"taxonomy":"category","embeddable":true,"href":"http:\/\/www.haut-pays.be\/wordpress\/wp-json\/wp\/v2\/categories?post=1838"},{"taxonomy":"post_tag","embeddable":true,"href":"http:\/\/www.haut-pays.be\/wordpress\/wp-json\/wp\/v2\/tags?post=1838"}],"curies":[{"name":"wp","href":"https:\/\/api.w.org\/{rel}","templated":true}]}}