{"id":1835,"date":"2025-04-23T15:02:56","date_gmt":"2025-04-23T13:02:56","guid":{"rendered":"http:\/\/www.haut-pays.be\/wordpress\/?p=1835"},"modified":"2025-04-23T15:02:56","modified_gmt":"2025-04-23T13:02:56","slug":"10e-concours-photo-du-parc-naturel-des-hauts-pays","status":"publish","type":"post","link":"http:\/\/www.haut-pays.be\/wordpress\/10e-concours-photo-du-parc-naturel-des-hauts-pays\/","title":{"rendered":"10e concours photo du Parc naturel des Hauts-Pays"},"content":{"rendered":"\n<p>Vous \u00eates photographe professionnel, passionn\u00e9 ou simple amateur ? Participez d\u00e8s aujourd\u2019hui \u00e0 notre 10\u00e8me concours photo et mettez \u00e0 l\u2019honneur la beaut\u00e9 de notre territoire.<\/p>\n\n\n\n<p><strong>Le th\u00e8me<\/strong>. Les photos devront avoir pour th\u00e8me \u201cLes Hauts-Pays en fleurs\u201d<\/p>\n\n\n\n<p>Soyez cr\u00e9atifs et essayez d\u2019apporter une valeur artistique \u00e0 vos photos. N\u2019oubliez pas, l\u2019objectif est la mise en valeur de notre territoire!<\/p>\n\n\n\n<p>Le concours se divise en 6 cat\u00e9gories correspondant aux 6 communes qui le constituent, \u00e0 savoir Colfontaine, Dour, Frameries, Honnelles, Qu\u00e9vy et Qui\u00e9vrain (plus d\u2019info sur le territoire dans le r\u00e8glement). 2 photographies laur\u00e9ates seront d\u00e9sign\u00e9es par cat\u00e9gorie.<br>Le gagnant de chaque cat\u00e9gorie aura la chance de voir sa photo publi\u00e9e dans le calendrier 2026 du Parc naturel \u00e9dit\u00e9 \u00e0 1.250 exemplaires. De plus, les photos s\u00e9lectionn\u00e9es seront partag\u00e9es via nos r\u00e9seaux sociaux (Facebook, Instagram).<\/p>\n\n\n\n<p>Nous avons \u00e9galement pens\u00e9 aux plus gourmands d\u2019entre-vous en offrant un panier gourmand compos\u00e9 de d\u00e9licieux produits locaux aux photographes laur\u00e9ats.<br>Les photos devront nous parvenir pour le 24 octobre 2025 au plus tard par mail (via wetransfer) ou cl\u00e9 USB \u00e0 la Maison du Parc naturel.<\/p>\n\n\n\n<p>Infos et contact &#8211; Contact > <a href=\"https:\/\/www.pnhp.be\/concours-photo\/\">Concours photo \u2013 Parc naturel des Hauts-Pays<\/a><\/p>\n\n\n\n<p><\/p>\n","protected":false},"excerpt":{"rendered":"<p>Vous \u00eates photographe professionnel, passionn\u00e9 ou simple amateur ? Participez d\u00e8s aujourd\u2019hui \u00e0 notre 10\u00e8me concours photo et mettez \u00e0 l\u2019honneur la beaut\u00e9 de notre territoire. Le th\u00e8me. Les photos devront avoir pour th\u00e8me \u201cLes Hauts-Pays en fleurs\u201d Soyez cr\u00e9atifs et essayez d\u2019apporter une valeur artistique \u00e0 vos photos. N\u2019oubliez pas, l\u2019objectif est la mise [&hellip;]<\/p>\n","protected":false},"author":1,"featured_media":1836,"comment_status":"closed","ping_status":"open","sticky":false,"template":"","format":"standard","meta":{"footnotes":""},"categories":[9],"tags":[],"class_list":["post-1835","post","type-post","status-publish","format-standard","has-post-thumbnail","hentry","category-actualites"],"_links":{"self":[{"href":"http:\/\/www.haut-pays.be\/wordpress\/wp-json\/wp\/v2\/posts\/1835","targetHints":{"allow":["GET"]}}],"collection":[{"href":"http:\/\/www.haut-pays.be\/wordpress\/wp-json\/wp\/v2\/posts"}],"about":[{"href":"http:\/\/www.haut-pays.be\/wordpress\/wp-json\/wp\/v2\/types\/post"}],"author":[{"embeddable":true,"href":"http:\/\/www.haut-pays.be\/wordpress\/wp-json\/wp\/v2\/users\/1"}],"replies":[{"embeddable":true,"href":"http:\/\/www.haut-pays.be\/wordpress\/wp-json\/wp\/v2\/comments?post=1835"}],"version-history":[{"count":1,"href":"http:\/\/www.haut-pays.be\/wordpress\/wp-json\/wp\/v2\/posts\/1835\/revisions"}],"predecessor-version":[{"id":1837,"href":"http:\/\/www.haut-pays.be\/wordpress\/wp-json\/wp\/v2\/posts\/1835\/revisions\/1837"}],"wp:featuredmedia":[{"embeddable":true,"href":"http:\/\/www.haut-pays.be\/wordpress\/wp-json\/wp\/v2\/media\/1836"}],"wp:attachment":[{"href":"http:\/\/www.haut-pays.be\/wordpress\/wp-json\/wp\/v2\/media?parent=1835"}],"wp:term":[{"taxonomy":"category","embeddable":true,"href":"http:\/\/www.haut-pays.be\/wordpress\/wp-json\/wp\/v2\/categories?post=1835"},{"taxonomy":"post_tag","embeddable":true,"href":"http:\/\/www.haut-pays.be\/wordpress\/wp-json\/wp\/v2\/tags?post=1835"}],"curies":[{"name":"wp","href":"https:\/\/api.w.org\/{rel}","templated":true}]}}