{"id":1251,"date":"2025-03-08T14:38:30","date_gmt":"2025-03-08T13:38:30","guid":{"rendered":"http:\/\/www.haut-pays.be\/wordpress\/?p=1251"},"modified":"2025-03-08T14:38:30","modified_gmt":"2025-03-08T13:38:30","slug":"partez-du-bon-pied-au-jogging-du-printemps-a-angre","status":"publish","type":"post","link":"http:\/\/www.haut-pays.be\/wordpress\/partez-du-bon-pied-au-jogging-du-printemps-a-angre\/","title":{"rendered":"Partez du bon pied au Jogging du Printemps \u00e0 Angre"},"content":{"rendered":"\n<p>Le <strong><a href=\"https:\/\/www.bellesduhautpays.com\/\">challenge des Belles du Haut-Pays<\/a><\/strong> reprend vigueur avec l&rsquo;arriv\u00e9e du printemps. Et, pour ponctuer le d\u00e9but de la saison, quoi de mieux que le<strong><a href=\"https:\/\/www.bellesduhautpays.com\/courses\/jogging-du-printemps\"> Jogging du Printemps \u00e0 Angre<\/a><\/strong>! La course \u00e0 pied, 41e du nom et premi\u00e8re de la nouvelle saison du challenge, aura lieu le 22 mars: 5,3 km et 10,1 km au menu. Parcours accident\u00e9!<\/p>\n\n\n\n<p>C&rsquo;est ici l&rsquo;occasion de se pencher sur le village d&rsquo;Angre! Savez-vous que&#8230;, \u00e0 Angre, il est un sobriquet pour chaque famille! A Angre, plus qu\u2019ailleurs, et pour le plus grand plaisir de tous, les sobriquets ont la vie dure et la tradition se perp\u00e9tue dans toutes les familles du village, m\u00eame chez les jeunes. C\u2019est ainsi que Cafou, Mouffi, Chouda, Brigot et bien d\u2019autres organisent la traditionnelle ducasse du village, d\u00e9but juillet. Mais de mani\u00e8re g\u00e9n\u00e9rique, si vous entendez parler de \u00ab\u00a0pouch rompu\u00a0\u00bb (politiquement \u00e0 gauche) ou de \u00ab\u00a0raplati\u00a0\u00bb (pour les gens de droite), ce sont des restes de vieilles querelles qui opposaient autrefois les soci\u00e9t\u00e9s musicales&#8230; <strong><a href=\"http:\/\/www.haut-pays.be\/wordpress\/angre\/\">D\u00e9couvrez l&rsquo;histoire, le patrimoine, la vie du village d&rsquo;Angre<\/a><\/strong><\/p>\n\n\n\n<figure class=\"wp-block-image size-full is-resized\"><img fetchpriority=\"high\" decoding=\"async\" width=\"400\" height=\"267\" src=\"http:\/\/www.haut-pays.be\/wordpress\/wp-content\/uploads\/2025\/02\/20220320173840-726b8951-sm.jpg\" alt=\"\" class=\"wp-image-428\" style=\"width:394px;height:auto\" srcset=\"http:\/\/www.haut-pays.be\/wordpress\/wp-content\/uploads\/2025\/02\/20220320173840-726b8951-sm.jpg 400w, http:\/\/www.haut-pays.be\/wordpress\/wp-content\/uploads\/2025\/02\/20220320173840-726b8951-sm-300x200.jpg 300w, http:\/\/www.haut-pays.be\/wordpress\/wp-content\/uploads\/2025\/02\/20220320173840-726b8951-sm-1x1.jpg 1w\" sizes=\"(max-width: 400px) 100vw, 400px\" \/><\/figure>\n\n\n\n<figure class=\"wp-block-image size-large is-resized\"><img decoding=\"async\" width=\"768\" height=\"1024\" src=\"http:\/\/www.haut-pays.be\/wordpress\/wp-content\/uploads\/2025\/02\/20-768x1024.jpg\" alt=\"\" class=\"wp-image-364\" style=\"width:380px;height:auto\" srcset=\"http:\/\/www.haut-pays.be\/wordpress\/wp-content\/uploads\/2025\/02\/20-768x1024.jpg 768w, http:\/\/www.haut-pays.be\/wordpress\/wp-content\/uploads\/2025\/02\/20-225x300.jpg 225w, http:\/\/www.haut-pays.be\/wordpress\/wp-content\/uploads\/2025\/02\/20-1152x1536.jpg 1152w, http:\/\/www.haut-pays.be\/wordpress\/wp-content\/uploads\/2025\/02\/20-1536x2048.jpg 1536w, http:\/\/www.haut-pays.be\/wordpress\/wp-content\/uploads\/2025\/02\/20-1x1.jpg 1w, http:\/\/www.haut-pays.be\/wordpress\/wp-content\/uploads\/2025\/02\/20-scaled.jpg 300w\" sizes=\"(max-width: 768px) 100vw, 768px\" \/><\/figure>\n","protected":false},"excerpt":{"rendered":"<p>Le challenge des Belles du Haut-Pays reprend vigueur avec l&rsquo;arriv\u00e9e du printemps. Et, pour ponctuer le d\u00e9but de la saison, quoi de mieux que le Jogging du Printemps \u00e0 Angre! La course \u00e0 pied, 41e du nom et premi\u00e8re de la nouvelle saison du challenge, aura lieu le 22 mars: 5,3 km et 10,1 km [&hellip;]<\/p>\n","protected":false},"author":1,"featured_media":1252,"comment_status":"closed","ping_status":"open","sticky":false,"template":"","format":"standard","meta":{"footnotes":""},"categories":[9],"tags":[],"class_list":["post-1251","post","type-post","status-publish","format-standard","has-post-thumbnail","hentry","category-actualites"],"_links":{"self":[{"href":"http:\/\/www.haut-pays.be\/wordpress\/wp-json\/wp\/v2\/posts\/1251","targetHints":{"allow":["GET"]}}],"collection":[{"href":"http:\/\/www.haut-pays.be\/wordpress\/wp-json\/wp\/v2\/posts"}],"about":[{"href":"http:\/\/www.haut-pays.be\/wordpress\/wp-json\/wp\/v2\/types\/post"}],"author":[{"embeddable":true,"href":"http:\/\/www.haut-pays.be\/wordpress\/wp-json\/wp\/v2\/users\/1"}],"replies":[{"embeddable":true,"href":"http:\/\/www.haut-pays.be\/wordpress\/wp-json\/wp\/v2\/comments?post=1251"}],"version-history":[{"count":1,"href":"http:\/\/www.haut-pays.be\/wordpress\/wp-json\/wp\/v2\/posts\/1251\/revisions"}],"predecessor-version":[{"id":1253,"href":"http:\/\/www.haut-pays.be\/wordpress\/wp-json\/wp\/v2\/posts\/1251\/revisions\/1253"}],"wp:featuredmedia":[{"embeddable":true,"href":"http:\/\/www.haut-pays.be\/wordpress\/wp-json\/wp\/v2\/media\/1252"}],"wp:attachment":[{"href":"http:\/\/www.haut-pays.be\/wordpress\/wp-json\/wp\/v2\/media?parent=1251"}],"wp:term":[{"taxonomy":"category","embeddable":true,"href":"http:\/\/www.haut-pays.be\/wordpress\/wp-json\/wp\/v2\/categories?post=1251"},{"taxonomy":"post_tag","embeddable":true,"href":"http:\/\/www.haut-pays.be\/wordpress\/wp-json\/wp\/v2\/tags?post=1251"}],"curies":[{"name":"wp","href":"https:\/\/api.w.org\/{rel}","templated":true}]}}