{"id":119,"date":"2025-02-14T17:08:19","date_gmt":"2025-02-14T16:08:19","guid":{"rendered":"http:\/\/www.haut-pays.be\/wordpress\/?p=119"},"modified":"2025-02-16T18:53:27","modified_gmt":"2025-02-16T17:53:27","slug":"hauts-pays-pluriels","status":"publish","type":"post","link":"http:\/\/www.haut-pays.be\/wordpress\/hauts-pays-pluriels\/","title":{"rendered":"Haut(s)-Pays pluriel(s)"},"content":{"rendered":"\n<p>Tant\u00f4t au pluriel, tant\u00f4t au singulier, l&rsquo;appellation \u00ab\u00a0Haut(s)-Pays\u00a0\u00bb d\u00e9signe une r\u00e9gion sur la superficie de laquelle les avis aussi divergent&#8230;<\/p>\n\n\n\n<p>Pour simplifier, disons que notre Syndicat a voulu garder la d\u00e9signation qui fait historiquement r\u00e9f\u00e9rence parce qu&rsquo;elle d\u00e9signe simplement, dans sa globalit\u00e9, une zone g\u00e9ographiquement d&rsquo;une altitude plus \u00e9lev\u00e9e que celles qui l&rsquo;entourent (Bassin de la Haine et Borinage). Pour les m\u00eames raisons, \u00ab\u00a0notre\u00a0\u00bb Haut-Pays s&rsquo;\u00e9tend alors naturellement au-del\u00e0 de la fronti\u00e8re: le vert Bavaisis pr\u00e9sentant, grosso modo, des caract\u00e9ristiques g\u00e9ographiques assez comparables au territoire belge concern\u00e9.<br>Ce qui explique que nous entendons promouvoir non seulement l&rsquo;ensemble de l&rsquo;entit\u00e9 honnelloise, mais aussi Audregnies, Baisieux (entit\u00e9 de Qui\u00e9vrain), Blaugies et Petit-Dour (entit\u00e9 de Dour) et les villages fran\u00e7ais ayant avec nous une fronti\u00e8re commune. Sans pour autant pratiquer la moindre exclusive&#8230;<\/p>\n\n\n\n<p>En revanche, le Parc Naturel qui nous englobe officiellement depuis le 20 juillet 2000 int\u00e8gre la notion de \u00ab\u00a0Hauts-Pays\u00a0\u00bb, pr\u00e9f\u00e9rant ainsi un pluriel qui se justifie mieux par l&rsquo;extension qu&rsquo;il implique.<br>En effet, d&rsquo;une superficie de 15.700 hectares, il d\u00e9borde largement le \u00ab\u00a0Haut-Pays\u00a0\u00bb d\u00e9fini ci-dessus pour s&rsquo;\u00e9tendre vers Colfontaine (bois du m\u00eame nom), Frameries (Sars-la-Bruy\u00e8re, Noirchain, Eugies) et toute l&rsquo;entit\u00e9 de Qu\u00e9vy. Une \u00e9tendue jug\u00e9e indispensable \u00e0 sa cr\u00e9ation m\u00eame, mais qui conserve n\u00e9anmoins une identit\u00e9 rurale ind\u00e9niable.<br>Alors, \u00ab\u00a0Haut-Pays\u00a0\u00bb ou \u00ab\u00a0Hauts-Pays\u00a0\u00bb?<\/p>\n\n\n\n<p>Allons! tranchons le d\u00e9bat par une boutade qui fera sans doute l&rsquo;unanimit\u00e9: en tourisme comme en oenologie, ce n&rsquo;est point l&rsquo;\u00e9tiquette qui assure la qualit\u00e9 du cru!<\/p>\n\n\n\n<p>A la bonne sant\u00e9 de notre\/nos r\u00e9gion(s).<\/p>\n","protected":false},"excerpt":{"rendered":"<p>Tant\u00f4t au pluriel, tant\u00f4t au singulier, l&rsquo;appellation \u00ab\u00a0Haut(s)-Pays\u00a0\u00bb d\u00e9signe une r\u00e9gion sur la superficie de laquelle les avis aussi divergent&#8230; Pour simplifier, disons que notre Syndicat a voulu garder la d\u00e9signation qui fait historiquement r\u00e9f\u00e9rence parce qu&rsquo;elle d\u00e9signe simplement, dans sa globalit\u00e9, une zone g\u00e9ographiquement d&rsquo;une altitude plus \u00e9lev\u00e9e que celles qui l&rsquo;entourent (Bassin de [&hellip;]<\/p>\n","protected":false},"author":1,"featured_media":115,"comment_status":"open","ping_status":"open","sticky":false,"template":"","format":"standard","meta":{"footnotes":""},"categories":[9],"tags":[],"class_list":["post-119","post","type-post","status-publish","format-standard","has-post-thumbnail","hentry","category-actualites"],"_links":{"self":[{"href":"http:\/\/www.haut-pays.be\/wordpress\/wp-json\/wp\/v2\/posts\/119","targetHints":{"allow":["GET"]}}],"collection":[{"href":"http:\/\/www.haut-pays.be\/wordpress\/wp-json\/wp\/v2\/posts"}],"about":[{"href":"http:\/\/www.haut-pays.be\/wordpress\/wp-json\/wp\/v2\/types\/post"}],"author":[{"embeddable":true,"href":"http:\/\/www.haut-pays.be\/wordpress\/wp-json\/wp\/v2\/users\/1"}],"replies":[{"embeddable":true,"href":"http:\/\/www.haut-pays.be\/wordpress\/wp-json\/wp\/v2\/comments?post=119"}],"version-history":[{"count":6,"href":"http:\/\/www.haut-pays.be\/wordpress\/wp-json\/wp\/v2\/posts\/119\/revisions"}],"predecessor-version":[{"id":611,"href":"http:\/\/www.haut-pays.be\/wordpress\/wp-json\/wp\/v2\/posts\/119\/revisions\/611"}],"wp:featuredmedia":[{"embeddable":true,"href":"http:\/\/www.haut-pays.be\/wordpress\/wp-json\/wp\/v2\/media\/115"}],"wp:attachment":[{"href":"http:\/\/www.haut-pays.be\/wordpress\/wp-json\/wp\/v2\/media?parent=119"}],"wp:term":[{"taxonomy":"category","embeddable":true,"href":"http:\/\/www.haut-pays.be\/wordpress\/wp-json\/wp\/v2\/categories?post=119"},{"taxonomy":"post_tag","embeddable":true,"href":"http:\/\/www.haut-pays.be\/wordpress\/wp-json\/wp\/v2\/tags?post=119"}],"curies":[{"name":"wp","href":"https:\/\/api.w.org\/{rel}","templated":true}]}}